{"id":2780,"date":"2020-12-10T00:16:48","date_gmt":"2020-12-10T05:16:48","guid":{"rendered":"https:\/\/natureforall.global\/es\/?p=2780"},"modified":"2020-12-18T11:52:12","modified_gmt":"2020-12-18T16:52:12","slug":"nature-photography-day-reflect-on-and-connect-with-nature-through-photography","status":"publish","type":"post","link":"https:\/\/natureforall.global\/es\/nature-photography-day-reflect-on-and-connect-with-nature-through-photography\/","title":{"rendered":"Nature Photography Day: Reflect on and connect with nature through photography"},"content":{"rendered":"<div id=\"block-yui_3_17_2_1_1592003861608_38102\" class=\"sqs-block image-block sqs-block-image sqs-text-ready\" data-block-type=\"5\">\n<div id=\"yui_3_17_2_1_1607577030915_68\" class=\"sqs-block-content\">\n<figure id=\"yui_3_17_2_1_1607577030915_67\" class=\"sqs-block-image-figure image-block-outer-wrapper image-block-v2 design-layout-overlap combination-animation-none individual-animation-none individual-text-animation-none image-position-left sqs-text-ready\" data-scrolled=\"\" data-test=\"image-block-v2-outer-wrapper\">\n<div id=\"yui_3_17_2_1_1607577030915_66\" class=\"intrinsic\">\n<div id=\"yui_3_17_2_1_1607577030915_65\" class=\" image-inset content-fit \" data-animation-role=\"image\" data-description=\"\">\n<p><img decoding=\"async\" class=\"loaded alignleft\" src=\"https:\/\/images.squarespace-cdn.com\/content\/v1\/597b547aebbd1a681f3883f2\/1592014731165-GVVB0XURIRFY2524FKYB\/ke17ZwdGBToddI8pDm48kL3VKmwKI3leYB51VJjLFB8UqsxRUqqbr1mOJYKfIPR7LoDQ9mXPOjoJoqy81S2I8N_N4V1vUb5AoIIIbLZhVYxCRW4BPu10St3TBAUQYVKcgK5SGg9Ovb1yloBBOHcruw_mYLfAhRzzgArFCB07Dw0L8n4JypuoE5Tg6Wg5Oyvs\/Anna1.jpg?format=750w\" alt=\"Anna1.jpg\" data-src=\"https:\/\/images.squarespace-cdn.com\/content\/v1\/597b547aebbd1a681f3883f2\/1592014731165-GVVB0XURIRFY2524FKYB\/ke17ZwdGBToddI8pDm48kL3VKmwKI3leYB51VJjLFB8UqsxRUqqbr1mOJYKfIPR7LoDQ9mXPOjoJoqy81S2I8N_N4V1vUb5AoIIIbLZhVYxCRW4BPu10St3TBAUQYVKcgK5SGg9Ovb1yloBBOHcruw_mYLfAhRzzgArFCB07Dw0L8n4JypuoE5Tg6Wg5Oyvs\/Anna1.jpg\" data-image=\"https:\/\/images.squarespace-cdn.com\/content\/v1\/597b547aebbd1a681f3883f2\/1592014731165-GVVB0XURIRFY2524FKYB\/ke17ZwdGBToddI8pDm48kL3VKmwKI3leYB51VJjLFB8UqsxRUqqbr1mOJYKfIPR7LoDQ9mXPOjoJoqy81S2I8N_N4V1vUb5AoIIIbLZhVYxCRW4BPu10St3TBAUQYVKcgK5SGg9Ovb1yloBBOHcruw_mYLfAhRzzgArFCB07Dw0L8n4JypuoE5Tg6Wg5Oyvs\/Anna1.jpg\" data-image-dimensions=\"1024x768\" data-image-focal-point=\"0.5,0.5\" data-parent-ratio=\"17.1\" data-image-resolution=\"750w\" \/><\/p>\n<div class=\"image-overlay\"><\/div>\n<\/div>\n<\/div><figcaption class=\"image-card-wrapper\" data-width-ratio=\"\">\n<div class=\"image-card sqs-dynamic-text-container\">\n<div class=\"image-title-wrapper\">\n<div class=\"image-title sqs-dynamic-text\" data-width-percentage=\"50.6\">\n<h2><strong>Anna Kobylansky<\/strong><\/h2>\n<\/div>\n<\/div>\n<div class=\"image-subtitle-wrapper\">\n<div class=\"image-subtitle sqs-dynamic-text\" data-width-percentage=\"41.3\">\n<h3>Parks Canada Youth Ambassador\/Jeune ambassadrice de Parcs Canada 2020<\/h3>\n<\/div>\n<\/div>\n<\/div>\n<\/figcaption><\/figure>\n<\/div>\n<\/div>\n<div id=\"block-0f6b5f9a884b404f617b\" class=\"sqs-block html-block sqs-block-html\" data-block-type=\"2\">\n<div class=\"sqs-block-content\">\n<p>&nbsp;<\/p>\n<p>&nbsp;<\/p>\n<p>&nbsp;<\/p>\n<p>&nbsp;<\/p>\n<p>&nbsp;<\/p>\n<p class=\"\"><em>This is the first article in a three-part series focusing on <\/em><a href=\"http:\/\/www.nanpa.org\/events\/nature-photography-day\/#:~:text=Each%20year%2C%20June%2015%20is,landscapes%20both%20locally%20and%20globally.\" target=\"_blank\" rel=\"noopener noreferrer\"><em>Nature Photography Day<\/em><\/a><em>, celebrated every year on June 15<\/em>.<\/p>\n<p class=\"\"><em>Il s&#8217;agit du premier article d&#8217;une s\u00e9rie de trois, consacr\u00e9e \u00e0 la <\/em><a href=\"https:\/\/natureforall.global\/es\/blog\/natureforall-at-the-world-scout-jamboree\/\" target=\"_blank\" rel=\"noopener noreferrer\"><em>Journ\u00e9e de la photographie de la nature<\/em><\/a><em>, c\u00e9l\u00e9br\u00e9e chaque ann\u00e9e le 15 juin.<\/em><\/p>\n<\/div>\n<\/div>\n<div id=\"block-yui_3_17_2_1_1592003861608_41948\" class=\"sqs-block horizontalrule-block sqs-block-horizontalrule\" data-block-type=\"47\">\n<div class=\"sqs-block-content\">\n<hr \/>\n<\/div>\n<\/div>\n<div id=\"block-yui_3_17_2_1_1592003861608_42009\" class=\"sqs-block html-block sqs-block-html\" data-block-type=\"2\">\n<div class=\"sqs-block-content\">\n<p class=\"\"><em>Version fran\u00e7aise ci-dessous<\/em><\/p>\n<p class=\"\">One of the purest forms of happiness in my life comes from looking at old pictures.\u00a0These snapshots of our lives allow us to reminisce on good and bad times, and for me, always bring up different emotions.<\/p>\n<p class=\"\">When I first got into photography,\u00a0my main focus\u00a0was about capturing\u00a0the perfect shot to post on social media. I was so self-conscious about\u00a0every\u00a0single picture I took and was never actually taking the photos for myself.\u00a0I feel like a lot of us can\u00a0relate\u00a0to that\u00a0feeling\u00a0and\u00a0it\u2019s still\u00a0something\u00a0I think about to this day when taking pictures. The major difference\u00a0now\u00a0is that my relationship with photography has drastically changed.\u00a0The\u00a0photographic moments I capture allow me to reflect on different parts of my life and appreciate the beauty of so many experiences I have had.<\/p>\n<p class=\"\">Throughout my life, I have been blessed to spend a lot of my time outdoors, visiting different parks all around the world. Even with my little digital camera as a pre-teen, I\u00a0have\u00a0always\u00a0been\u00a0obsessed with taking photos of nature. The natural world is so\u00a0amazing and inspiring\u00a0and it\u2019s\u00a0accessible\u00a0to\u00a0all.\u00a0Developing a connection with nature is something that everyone\u00a0can experience\u00a0in their own way. It can be as simple as enjoying daily walks in a neighbourhood park,\u00a0going to the beach, or hiking mountain ranges and canoeing rapids.\u00a0Capturing the beauty of nature through photography\u00a0can help enhance the connection we feel to the natural world and adds\u00a0so much\u00a0joy to my life.<\/p>\n<p class=\"\">Because I spend more time behind the camera than in front, I end up taking a lot of pictures. This makes it\u00a0hard\u00a0to choose my\u00a0favourite\u00a0snapshots. The\u00a0simplicity of a beautiful fire, late at night,\u00a0or the stillness of a lake during a canoe paddle are some of the purest moments, making me appreciate the outdoors and nature so much more.<\/p>\n<p class=\"\">But photos taken in nature\u00a0don\u2019t\u00a0always\u00a0have to be associated with a deeper meaning.\u00a0Finishing an\u00a0uphill climb\u00a0and celebrating the accomplishment is worthy of a photo. The beauty of hiking is that the view when you get to the top is so incredible that the background will always look good no matter how sore or sweaty you are.<\/p>\n<p class=\"\">Photography can be extremely intimidating, trust me, I\u2019ve been there.\u00a0The pressure to capture the perfect shot, the fear of using a new camera, or worrying about\u00a0timing and messing up\u00a0is something that all photographers feel. I\u2019m far from being an expert, but\u00a0spending time\u00a0connecting\u00a0with nature and\u00a0learning to\u00a0capture the beauty of what you are seeing is extremely worthwhile. It can inspire\u00a0you in more ways than you could think and allow you to reflect on the incredible experiences you have had in nature. Hopefully, you can share your love for nature and help others find their connection\u00a0(I know, super cheesy).\u00a0So, next time you embark on an outdoor adventure, grab whatever camera you have, capture a feeling or moment you\u2019re experiencing, and preserve it forever!<\/p>\n<p><img fetchpriority=\"high\" decoding=\"async\" class=\"aligncenter size-full wp-image-2781\" src=\"https:\/\/natureforall.global\/es\/wp-content\/uploads\/sites\/6\/2020\/12\/ANNA-PANO_20190816_201954.jpeg\" alt=\"\" width=\"1500\" height=\"1100\" srcset=\"https:\/\/natureforall.global\/es\/wp-content\/uploads\/sites\/6\/2020\/12\/ANNA-PANO_20190816_201954.jpeg 1500w, https:\/\/natureforall.global\/es\/wp-content\/uploads\/sites\/6\/2020\/12\/ANNA-PANO_20190816_201954-300x220.jpeg 300w, https:\/\/natureforall.global\/es\/wp-content\/uploads\/sites\/6\/2020\/12\/ANNA-PANO_20190816_201954-1024x751.jpeg 1024w, https:\/\/natureforall.global\/es\/wp-content\/uploads\/sites\/6\/2020\/12\/ANNA-PANO_20190816_201954-768x563.jpeg 768w\" sizes=\"(max-width: 1500px) 100vw, 1500px\" \/><\/p>\n<\/div>\n<\/div>\n<div id=\"block-yui_3_17_2_1_1592003861608_103923\" class=\"sqs-block image-block sqs-block-image sqs-text-ready\" data-block-type=\"5\">\n<div id=\"yui_3_17_2_1_1607577030915_93\" class=\"sqs-block-content\">\n<div id=\"yui_3_17_2_1_1607577030915_92\" class=\" image-block-outer-wrapper layout-caption-below design-layout-inline combination-animation-none individual-animation-none individual-text-animation-none \" data-test=\"image-block-inline-outer-wrapper\">\n<figure id=\"yui_3_17_2_1_1607577030915_91\" class=\" sqs-block-image-figure intrinsic \">\n<div id=\"yui_3_17_2_1_1607577030915_90\" class=\" image-block-wrapper has-aspect-ratio \" data-animation-role=\"image\"><\/div>\n<\/figure>\n<\/div>\n<\/div>\n<\/div>\n<div id=\"block-yui_3_17_2_1_1592003861608_68559\" class=\"sqs-block horizontalrule-block sqs-block-horizontalrule\" data-block-type=\"47\">\n<div class=\"sqs-block-content\">\n<hr \/>\n<\/div>\n<\/div>\n<div id=\"block-yui_3_17_2_1_1592003861608_69492\" class=\"sqs-block html-block sqs-block-html\" data-block-type=\"2\">\n<div class=\"sqs-block-content\">\n<h2><strong>Journ\u00e9e de la photographie de la nature: R\u00e9fl\u00e9chissez, connectez-vous avec la nature gr\u00e2ce \u00e0 la photographie<\/strong><\/h2>\n<p class=\"\">Regarder de vieilles photos me procure un sentiment de bonheur d\u2019une grande puret\u00e9. Ces captures instantan\u00e9es de notre vie nous permettent de nous rem\u00e9morer les bons et les moins bons moments et, pour moi, de toujours \u00e9voquer des \u00e9motions diff\u00e9rentes.<\/p>\n<p class=\"\">Lorsque je me suis lanc\u00e9e dans la photographie, mon objectif principal \u00e9tait de prendre la photo parfaite \u00e0 publier sur les r\u00e9seaux sociaux. J&#8217;\u00e9tais tellement soucieuse par chaque photo prise que je ne les prenais m\u00eame pas pour moi, pour mon plaisir. J&#8217;ai l&#8217;impression que beaucoup d&#8217;entre nous peuvent comprendre ce sentiment. Encore aujourd\u2019hui c&#8217;est quelque chose auquel je pense en prenant des photos. La principale diff\u00e9rence est que ma relation avec la photographie a radicalement chang\u00e9. Les moments que je capture me permettent de r\u00e9fl\u00e9chir sur diff\u00e9rents aspects de ma vie et d\u2019\u00eatre reconnaissante face \u00e0 la beaut\u00e9 de toutes les exp\u00e9riences que j&#8217;ai v\u00e9cues.<\/p>\n<p class=\"\">Toute ma vie, j&#8217;ai eu la chance de passer beaucoup de temps \u00e0 l&#8217;ext\u00e9rieur, \u00e0 visiter diff\u00e9rents parcs du monde entier. M\u00eame avec mon petit appareil photo num\u00e9rique, \u00e0 la pr\u00e9 adolescence, j&#8217;ai toujours eu une obsession de prendre des photos de la nature. Le milieu naturel est tellement \u00e9tonnant, inspirant et accessible \u00e0 tous.<\/p>\n<p class=\"\">D\u00e9velopper une connexion avec la nature est quelque chose que chacun peut vivre \u00e0 sa mani\u00e8re. Cela peut \u00eatre aussi simple que de faire des promenades quotidiennes dans un parc de son quartier et d&#8217;aller \u00e0 la plage ou de faire de grandes randonn\u00e9e et descendre des rapides en canot. Saisir la beaut\u00e9 de la nature gr\u00e2ce \u00e0 la photographie peut aider \u00e0 am\u00e9liorer la connexion que nous ressentons avec les milieux naturels et ajoute tellement de joie \u00e0 ma vie.<\/p>\n<p class=\"\">Parce que je passe plus de temps derri\u00e8re la cam\u00e9ra que devant, je finis par prendre beaucoup de photos. Cela rend difficile la s\u00e9lection de mes clich\u00e9s pr\u00e9f\u00e9r\u00e9s. La simplicit\u00e9 d&#8217;un beau feu, tard dans la nuit, ou le calme d&#8217;un lac pendant une exp\u00e9dition en canot sont des exemple de moments tellement purs qui me font appr\u00e9cier grandement le plein air et la nature.<\/p>\n<p class=\"\">D\u2019un autre c\u00f4t\u00e9, les photos prises dans la nature ne doivent pas toujours \u00eatre associ\u00e9es \u00e0 un sens plus profond. Terminer une randonn\u00e9e au sommet et c\u00e9l\u00e9brer cet accomplissement est digne d&#8217;une photo. La beaut\u00e9 de ce qui sera saisie en image vient du fait que la vue au sommet est si incroyable que la photo sera toujours exceptionnelle, peu importe la douleur v\u00e9cue durant l\u2019ascension ou les traces de transpiration.<\/p>\n<p class=\"\">La photographie peut \u00eatre extr\u00eamement intimidante, croyez-moi, je suis pass\u00e9 par l\u00e0. Tous les photographes ressentent la pression pour r\u00e9aliser la photo parfaite, la peur d&#8217;utiliser un nouvel appareil photo, de manquer de <em>timing<\/em> ou de faire des erreurs. Je suis loin d&#8217;\u00eatre une experte, mais je sais que de passer du temps en nature et d\u2019apprendre \u00e0 capturer la beaut\u00e9 de ce que vous voyez est extr\u00eamement utile. Cela peut devenir une grande forme d\u2019inspiration et permettre de r\u00e9fl\u00e9chir aux incroyables exp\u00e9riences v\u00e9cues en nature. Si tout va bien, vous serez en mesure de partager votre amour pour la nature et d\u2019aider les autres \u00e0 trouver leur connexion avec celle-ci (je sais, c\u2019est <em>qu\u00e9taine<\/em>). Alors, la prochaine fois que vous vous lancerez dans une aventure en plein air, prenez l&#8217;appareil photo que vous avez, capturez un sentiment ou un moment que vous vivez et conservez-le pour toujours!<\/p>\n<\/div>\n<\/div>\n<div id=\"block-yui_3_17_2_1_1592003861608_111699\" class=\"sqs-block image-block sqs-block-image sqs-text-ready\" data-block-type=\"5\">\n<div id=\"yui_3_17_2_1_1607577030915_110\" class=\"sqs-block-content\">\n<div id=\"yui_3_17_2_1_1607577030915_109\" class=\" image-block-outer-wrapper layout-caption-below design-layout-inline combination-animation-none individual-animation-none individual-text-animation-none \" data-test=\"image-block-inline-outer-wrapper\">\n<figure id=\"yui_3_17_2_1_1607577030915_108\" class=\" sqs-block-image-figure intrinsic \">\n<div id=\"yui_3_17_2_1_1607577030915_107\" class=\" image-block-wrapper has-aspect-ratio \" data-animation-role=\"image\"><\/div>\n<\/figure>\n<\/div>\n<\/div>\n<\/div>\n","protected":false},"excerpt":{"rendered":"<p>This is the first article in a three-part series focusing on Nature Photography Day, celebrated every year on June 15. Read about how Anna Kobylansky, a Parks Canada Youth Ambassador for 2020, connects with and reflects on nature.<\/p>\n","protected":false},"author":1,"featured_media":2782,"comment_status":"closed","ping_status":"open","sticky":false,"template":"","format":"standard","meta":{"_acf_changed":false,"om_disable_all_campaigns":false,"_monsterinsights_skip_tracking":false,"_monsterinsights_sitenote_active":false,"_monsterinsights_sitenote_note":"","_monsterinsights_sitenote_category":0,"_uf_show_specific_survey":0,"_uf_disable_surveys":false,"_kad_post_transparent":"default","_kad_post_title":"default","_kad_post_layout":"default","_kad_post_sidebar_id":"","_kad_post_content_style":"default","_kad_post_vertical_padding":"default","_kad_post_feature":"","_kad_post_feature_position":"","_kad_post_header":false,"_kad_post_footer":false,"_kad_post_classname":"","cybocfi_hide_featured_image":"yes","footnotes":""},"categories":[19],"tags":[],"class_list":["post-2780","post","type-post","status-publish","format-standard","has-post-thumbnail","hentry","category-blog"],"acf":[],"aioseo_notices":[],"_links":{"self":[{"href":"https:\/\/natureforall.global\/es\/wp-json\/wp\/v2\/posts\/2780","targetHints":{"allow":["GET"]}}],"collection":[{"href":"https:\/\/natureforall.global\/es\/wp-json\/wp\/v2\/posts"}],"about":[{"href":"https:\/\/natureforall.global\/es\/wp-json\/wp\/v2\/types\/post"}],"author":[{"embeddable":true,"href":"https:\/\/natureforall.global\/es\/wp-json\/wp\/v2\/users\/1"}],"replies":[{"embeddable":true,"href":"https:\/\/natureforall.global\/es\/wp-json\/wp\/v2\/comments?post=2780"}],"version-history":[{"count":0,"href":"https:\/\/natureforall.global\/es\/wp-json\/wp\/v2\/posts\/2780\/revisions"}],"wp:featuredmedia":[{"embeddable":true,"href":"https:\/\/natureforall.global\/es\/wp-json\/wp\/v2\/media\/2782"}],"wp:attachment":[{"href":"https:\/\/natureforall.global\/es\/wp-json\/wp\/v2\/media?parent=2780"}],"wp:term":[{"taxonomy":"category","embeddable":true,"href":"https:\/\/natureforall.global\/es\/wp-json\/wp\/v2\/categories?post=2780"},{"taxonomy":"post_tag","embeddable":true,"href":"https:\/\/natureforall.global\/es\/wp-json\/wp\/v2\/tags?post=2780"}],"curies":[{"name":"wp","href":"https:\/\/api.w.org\/{rel}","templated":true}]}}