{"id":2785,"date":"2020-12-10T00:20:31","date_gmt":"2020-12-10T05:20:31","guid":{"rendered":"https:\/\/natureforall.global\/es\/?p=2785"},"modified":"2020-12-18T11:51:31","modified_gmt":"2020-12-18T16:51:31","slug":"nature-photography-day-raising-climate-change-awareness-through-a-lens","status":"publish","type":"post","link":"https:\/\/natureforall.global\/es\/nature-photography-day-raising-climate-change-awareness-through-a-lens\/","title":{"rendered":"Nature Photography Day: Raising climate change awareness through a lens"},"content":{"rendered":"<div id=\"block-yui_3_17_2_1_1592238645857_55176\" class=\"sqs-block image-block sqs-block-image sqs-text-ready\" data-block-type=\"5\">\n<div id=\"yui_3_17_2_1_1607577528321_68\" class=\"sqs-block-content\">\n<figure id=\"yui_3_17_2_1_1607577528321_67\" class=\"sqs-block-image-figure image-block-outer-wrapper image-block-v2 design-layout-overlap combination-animation-none individual-animation-none individual-text-animation-none image-position-left sqs-text-ready\" data-scrolled=\"\" data-test=\"image-block-v2-outer-wrapper\"><figcaption class=\"image-card-wrapper\" data-width-ratio=\"\">\n<div class=\"image-card sqs-dynamic-text-container\">\n<div class=\"image-title-wrapper\">\n<div class=\"image-title sqs-dynamic-text\" data-width-percentage=\"50.6\">\n<h2><img fetchpriority=\"high\" decoding=\"async\" class=\" wp-image-2789 alignleft\" src=\"https:\/\/natureforall.global\/es\/wp-content\/uploads\/sites\/6\/2020\/12\/\u00a9NicholasPlace_PortraitofAlex.jpg\" alt=\"\" width=\"602\" height=\"450\" \/>Alexandra Leroux<\/h2>\n<\/div>\n<\/div>\n<div class=\"image-subtitle-wrapper\">\n<div class=\"image-subtitle sqs-dynamic-text\" data-width-percentage=\"41.3\">\n<p class=\"\">Photo by Nicholas Place<\/p>\n<\/div>\n<\/div>\n<\/div>\n<\/figcaption><\/figure>\n<\/div>\n<\/div>\n<div id=\"block-92aa55a51d597afecdf0\" class=\"sqs-block html-block sqs-block-html\" data-block-type=\"2\">\n<div class=\"sqs-block-content\">\n<p>&nbsp;<\/p>\n<p>&nbsp;<\/p>\n<p>&nbsp;<\/p>\n<p>&nbsp;<\/p>\n<p>&nbsp;<\/p>\n<p>&nbsp;<\/p>\n<p>&nbsp;<\/p>\n<p>&nbsp;<\/p>\n<p class=\"\"><em>This is the second article in a three-part series focusing on <\/em><a href=\"http:\/\/www.nanpa.org\/events\/nature-photography-day\/#:~:text=Each%20year%2C%20June%2015%20is,landscapes%20both%20locally%20and%20globally.\" target=\"_blank\" rel=\"noopener noreferrer\"><em>Nature Photography Day<\/em><\/a><em>, celebrated every year on June 15<\/em>.<\/p>\n<p class=\"\"><em>Il s&#8217;agit du deuxi\u00e8me article d&#8217;une s\u00e9rie de trois, consacr\u00e9e \u00e0 la <\/em><a href=\"http:\/\/www.nanpa.org\/events\/nature-photography-day\/#:~:text=Each%20year%2C%20June%2015%20is,landscapes%20both%20locally%20and%20globally.\" target=\"_blank\" rel=\"noopener noreferrer\"><em>Journ\u00e9e de la photographie de la nature<\/em><\/a><em>, c\u00e9l\u00e9br\u00e9e chaque ann\u00e9e le 15 juin.<\/em><\/p>\n<\/div>\n<\/div>\n<div id=\"block-yui_3_17_2_1_1592238645857_60043\" class=\"sqs-block horizontalrule-block sqs-block-horizontalrule\" data-block-type=\"47\">\n<div class=\"sqs-block-content\">\n<hr \/>\n<\/div>\n<\/div>\n<div id=\"block-yui_3_17_2_1_1592238645857_60104\" class=\"sqs-block html-block sqs-block-html\" data-block-type=\"2\">\n<div class=\"sqs-block-content\">\n<p class=\"\"><em>Version fran\u00e7aise ci-dessous.<\/em><\/p>\n<p class=\"\">Nature is how I reconnect, recharge and find inspiration in my day to day life. Living in the countryside, I have been fortunate enough to be enveloped by nature. However, while I always had access to mountains, forests and lakes, I never took full advantage of my surroundings\u2014that is until I picked up my first camera. What began as a hobby, quickly turned into a passion. All of a sudden, I was hiking nearly every day with my camera in hand. Being able to capture nature\u2019s beauty and share it with others is so invigorating. This passion helped me to seek out new locations to photograph, which eventually led me to discover many hidden gems in my community that I never knew about.<\/p>\n<p class=\"\">Observing the curiosity and appreciation other people have for my photographs led me to want to do more with this new skill. Why not use this medium of communication to tell a story or to educate others on something I am passionate about? That\u2019s exactly what I did.<\/p>\n<p class=\"\">Last summer, I took part in an Arctic expedition as a staff member for <a href=\"https:\/\/studentsonice.com\/\">Students on Ice<\/a>. This Canadian organization brings together youth and educators from various backgrounds, from all around the world on expeditions to the Arctic and Antarctic. I was lucky enough to be part of the media team on the ship as the assistant producer. My passion for photography also gave me the opportunity to be an expedition photographer. Capturing images of not only the beauty of the Arctic but of what I was learning and experiencing had me extremely fulfilled.<\/p>\n<p><img decoding=\"async\" class=\"size-full wp-image-2793 alignright\" src=\"https:\/\/natureforall.global\/es\/wp-content\/uploads\/sites\/6\/2020\/12\/20190730\u00a9AlexLeroux_SirmilikNationalPark_1639.jpg\" alt=\"\" width=\"750\" height=\"500\" srcset=\"https:\/\/natureforall.global\/es\/wp-content\/uploads\/sites\/6\/2020\/12\/20190730\u00a9AlexLeroux_SirmilikNationalPark_1639.jpg 750w, https:\/\/natureforall.global\/es\/wp-content\/uploads\/sites\/6\/2020\/12\/20190730\u00a9AlexLeroux_SirmilikNationalPark_1639-300x200.jpg 300w\" sizes=\"(max-width: 750px) 100vw, 750px\" \/><\/p>\n<\/div>\n<\/div>\n<div id=\"block-yui_3_17_2_1_1592242841090_28755\" class=\"sqs-block image-block sqs-block-image sqs-col-6 span-6 float float-right sqs-text-ready\" data-block-type=\"5\">\n<div id=\"yui_3_17_2_1_1607577528321_93\" class=\"sqs-block-content\">\n<div id=\"yui_3_17_2_1_1607577528321_92\" class=\" image-block-outer-wrapper layout-caption-below design-layout-inline combination-animation-none individual-animation-none individual-text-animation-none \" data-test=\"image-block-inline-outer-wrapper\">\n<figure id=\"yui_3_17_2_1_1607577528321_91\" class=\" sqs-block-image-figure intrinsic \">\n<div id=\"yui_3_17_2_1_1607577528321_90\" class=\" image-block-wrapper has-aspect-ratio \" data-animation-role=\"image\"><\/div>\n<\/figure>\n<\/div>\n<\/div>\n<\/div>\n<div id=\"block-yui_3_17_2_1_1592242841090_29053\" class=\"sqs-block html-block sqs-block-html\" data-block-type=\"2\">\n<div class=\"sqs-block-content\">\n<p class=\"\">Now, when somebody asks me if the ice is really melting in the poles, I can show them the images of the glacier I took in Sirmilik National Park in Nunavut. I can explain to them how this glacier has receded to the point that we had to hike to get to it, whereas historically it used to be right at the water\u2019s edge. Images like these are not simply beauty shots but lived-experiences with educational components that I can share with others.<\/p>\n<p class=\"\">This expedition was eye-opening and had me seeking similar opportunities elsewhere. For this reason, I applied to a program called <a href=\"https:\/\/bridge.ocean.org\/\">Ocean Bridge<\/a>, where youth from across Canada engage in ocean literacy by taking part in rural and city-based expeditions, as well as initiate their own local service projects in their communities. My intention going into this program was to build on my ocean education and on my own network of like-minded youth who are equally as passionate about the protection of nature as I am.<\/p>\n<p class=\"\">Within this program, I decided to focus my local service project on keeping plastics out of waterways. While I do live in the country, I am also close to the nation\u2019s capital. Thus, the focus of my project had to be something that both communities could relate to. People who live in the city may feel a disconnect to nature, as a majority are surrounded by more concrete than green space. I had to think of something tangible that visibly affects those living in both environments, hence the focus on plastics.<\/p>\n<p class=\"\">For my main project, I will do a photo gallery based on images which demonstrate what I have learned from not only the expeditions but also my experiences through my local community service projects. The goal of this gallery is to tell a story through these images and have people come away feeling as though they feel empowered to take action themselves.<\/p>\n<p class=\"\">When I first picked up my camera two years ago, I would have never guessed it would have led me to conduct my own ocean literacy gallery. While the future is uncertain, and the expeditions may or may not happen this year, I will still be moving forward with my project. It is important to feel a connection to the land and see nature as something that needs to be nurtured and protected.<\/p>\n<p class=\"\"><em>All photos by Alexandra Leroux. To see more of her work, visit her <\/em><a href=\"https:\/\/www.instagram.com\/alexlleroux\/?h\" target=\"_blank\" rel=\"noopener noreferrer\"><em>Instagram<\/em><\/a><em> page.<\/em><\/p>\n<p><img decoding=\"async\" class=\"aligncenter size-full wp-image-2792\" src=\"https:\/\/natureforall.global\/es\/wp-content\/uploads\/sites\/6\/2020\/12\/20190801\u00a9AlexLeroux-Midnightsun_1816.jpg\" alt=\"\" width=\"1500\" height=\"1000\" srcset=\"https:\/\/natureforall.global\/es\/wp-content\/uploads\/sites\/6\/2020\/12\/20190801\u00a9AlexLeroux-Midnightsun_1816.jpg 1500w, https:\/\/natureforall.global\/es\/wp-content\/uploads\/sites\/6\/2020\/12\/20190801\u00a9AlexLeroux-Midnightsun_1816-300x200.jpg 300w, https:\/\/natureforall.global\/es\/wp-content\/uploads\/sites\/6\/2020\/12\/20190801\u00a9AlexLeroux-Midnightsun_1816-1024x683.jpg 1024w, https:\/\/natureforall.global\/es\/wp-content\/uploads\/sites\/6\/2020\/12\/20190801\u00a9AlexLeroux-Midnightsun_1816-768x512.jpg 768w\" sizes=\"(max-width: 1500px) 100vw, 1500px\" \/><\/p>\n<\/div>\n<\/div>\n<div id=\"block-yui_3_17_2_1_1592242841090_22166\" class=\"sqs-block image-block sqs-block-image sqs-text-ready\" data-block-type=\"5\">\n<div id=\"yui_3_17_2_1_1607577528321_110\" class=\"sqs-block-content\">\n<div id=\"yui_3_17_2_1_1607577528321_109\" class=\" image-block-outer-wrapper layout-caption-below design-layout-inline combination-animation-none individual-animation-none individual-text-animation-none \" data-test=\"image-block-inline-outer-wrapper\">\n<figure id=\"yui_3_17_2_1_1607577528321_108\" class=\" sqs-block-image-figure intrinsic \">\n<div id=\"yui_3_17_2_1_1607577528321_107\" class=\" image-block-wrapper has-aspect-ratio \" data-animation-role=\"image\"><\/div>\n<\/figure>\n<\/div>\n<\/div>\n<\/div>\n<div id=\"block-yui_3_17_2_1_1592242841090_26690\" class=\"sqs-block horizontalrule-block sqs-block-horizontalrule\" data-block-type=\"47\">\n<div class=\"sqs-block-content\">\n<hr \/>\n<\/div>\n<\/div>\n<div id=\"block-yui_3_17_2_1_1592242841090_27504\" class=\"sqs-block html-block sqs-block-html\" data-block-type=\"2\">\n<div class=\"sqs-block-content\">\n<h2><strong>Les changements climatiques: sensibiliser \u00e0 travers une lentille<\/strong><\/h2>\n<p class=\"\">La nature est la fa\u00e7on dont je me reconnecte, me recharge et trouve l&#8217;inspiration au quotidien. Vivant \u00e0 la campagne, j&#8217;ai eu la chance d&#8217;\u00eatre envelopp\u00e9 par la nature. Cependant, bien que j&#8217;aie toujours eu acc\u00e8s aux montagnes, aux for\u00eats et aux lacs, je n&#8217;ai jamais profit\u00e9 pleinement de mon environnement, c&#8217;est-\u00e0-dire jusqu&#8217;\u00e0 ce que je touche \u00e0 ma premi\u00e8re cam\u00e9ra. Ce qui a commenc\u00e9 comme un passe-temps s&#8217;est rapidement transform\u00e9 en passion. Tout \u00e0 coup, je faisais de la randonn\u00e9e presque tous les jours avec mon appareil photo \u00e0 la main. Pouvoir capturer la beaut\u00e9 de la nature et la partager avec les autres est tellement revigorant. Cette passion m&#8217;a aid\u00e9 \u00e0 rechercher de nouveaux endroits \u00e0 photographier, ce qui m&#8217;a finalement amen\u00e9 \u00e0 d\u00e9couvrir de nombreux joyaux cach\u00e9s dans ma communaut\u00e9, que je ne connaissais pas avant.<\/p>\n<p class=\"\">L&#8217;observation de la curiosit\u00e9 et de l&#8217;appr\u00e9ciation des autres pour mes photographies m&#8217;a amen\u00e9 \u00e0 vouloir en faire plus pour d\u00e9velopper cette nouvelle comp\u00e9tence. Pourquoi ne pas utiliser ce moyen de communication pour raconter une histoire ou \u00e9duquer les autres sur quelque chose qui me passionne? C\u2019est exactement ce que j\u2019ai fait.<\/p>\n<p class=\"\">L&#8217;\u00e9t\u00e9 dernier, j&#8217;ai particip\u00e9 \u00e0 une exp\u00e9dition dans l&#8217;Arctique en tant que membre du personnel de Students on Ice. Cette organisation canadienne rassemble des jeunes et des \u00e9ducateurs de divers horizons, du monde entier, lors d&#8217;exp\u00e9ditions en Arctique et en Antarctique. J&#8217;ai eu la chance de faire partie de l&#8217;\u00e9quipe des m\u00e9dias sur le navire en tant que productrice adjointe. Ma passion pour la photographie m&#8217;a \u00e9galement donn\u00e9 l&#8217;opportunit\u00e9 d&#8217;\u00eatre photographe d&#8217;exp\u00e9dition. Capturer des images non seulement de la beaut\u00e9 de l&#8217;Arctique, mais de ce que j&#8217;apprenais et vivais m&#8217;a permis de m\u2019\u00e9panouir.<\/p>\n<p class=\"\"><img loading=\"lazy\" decoding=\"async\" class=\"aligncenter wp-image-2795\" src=\"https:\/\/natureforall.global\/es\/wp-content\/uploads\/sites\/6\/2020\/12\/\u00a9AlexLeroux_Elk_9715-1.jpg\" alt=\"\" width=\"1051\" height=\"628\" \/>Maintenant, quand quelqu&#8217;un me demande si la glace fond vraiment dans les p\u00f4les, je peux leur montrer les images du glacier que j&#8217;ai pris dans le parc national Sirmilik au Nunavut. Je peux leur expliquer comment ce glacier a recul\u00e9 au point que nous avons d\u00fb faire de la randonn\u00e9e pour y arriver, alors qu&#8217;autrefois il se trouvait juste au bord de l&#8217;eau. Des images comme celles-ci ne sont pas simplement des photos repr\u00e9sentant la beaut\u00e9, mais aussi des exp\u00e9riences v\u00e9cues avec des composantes \u00e9ducatives, que je peux partager avec d&#8217;autres.<\/p>\n<\/div>\n<\/div>\n<div id=\"block-yui_3_17_2_1_1592242841090_34535\" class=\"sqs-block html-block sqs-block-html\" data-block-type=\"2\">\n<div class=\"sqs-block-content\">\n<p class=\"\">Cette exp\u00e9dition m&#8217;a ouvert les yeux et m&#8217;a fait rechercher des opportunit\u00e9s similaires ailleurs. Pour cette raison, j&#8217;ai postul\u00e9 pour un programme appel\u00e9 Portail Oc\u00e9an, o\u00f9 des jeunes de partout au Canada s&#8217;engagent dans l&#8217;alphab\u00e9tisation oc\u00e9anique en participant \u00e0 des exp\u00e9ditions en milieu rural et urbain, ainsi qu&#8217;en commen\u00e7ant leurs propres projets de services locaux dans leurs communaut\u00e9s. Mon intention de participer \u00e0 ce programme \u00e9tait de miser sur mon \u00e9ducation \u00e0 l&#8217;oc\u00e9an et sur mon propre r\u00e9seau de jeunes aux vues similaires qui sont tout aussi passionn\u00e9es par la protection de la nature que moi.<\/p>\n<p class=\"\">Dans le cadre de ce programme, j&#8217;ai d\u00e9cid\u00e9 de concentrer mon projet de service local sur le maintien des plastiques hors des cours d&#8217;eau. Bien que je vive \u00e0 la campagne, je suis \u00e9galement proche de la capitale nationale. Ainsi, l&#8217;objectif de mon projet devait \u00eatre quelque chose \u00e0 lequel les deux communaut\u00e9s pourraient se rapporter. Les gens qui vivent dans la ville peuvent ressentir une d\u00e9connexion avec la nature, car la majorit\u00e9 est entour\u00e9e de plus de b\u00e9ton que d&#8217;espaces verts. J&#8217;ai d\u00fb penser \u00e0 quelque chose de tangible qui affecte visiblement ceux qui vivent dans les deux environnements, d&#8217;o\u00f9 l&#8217;accent mis sur les plastiques.<\/p>\n<p class=\"\">Pour mon projet principal, je ferai une galerie de photos bas\u00e9e sur des images qui montrent ce que j&#8217;ai appris non seulement des exp\u00e9ditions, mais aussi de mes exp\u00e9riences \u00e0 travers mes projets de services communautaires locaux. Le but de cette galerie est de raconter une histoire \u00e0 travers ces images et de faire en sorte que les gens se sentent soutenus \u00e0 agir eux-m\u00eames.<\/p>\n<p class=\"\">Lorsque j&#8217;ai pris mon appareil photo pour la premi\u00e8re fois il y a deux ans, je n&#8217;aurais jamais pens\u00e9 que cela m&#8217;aurait conduit \u00e0 diriger ma propre galerie de connaissances des oc\u00e9ans. Bien que l&#8217;avenir soit incertain et que les exp\u00e9ditions puissent ou non avoir lieu cette ann\u00e9e, je continuerai d&#8217;avancer avec mon projet. Il est important de ressentir un lien avec la terre et de voir la nature comme quelque chose qui doit \u00eatre entretenu et prot\u00e9g\u00e9.<\/p>\n<p class=\"\"><em>Toutes les photos par Alexandra Leroux. Pour voir plus de son travail, visitez sa page <\/em><a href=\"https:\/\/www.instagram.com\/p\/B1PQDr8gigt\/\" target=\"_blank\" rel=\"noopener noreferrer\"><em>Instagram<\/em><\/a><em>.<\/em><\/p>\n<\/div>\n<\/div>\n","protected":false},"excerpt":{"rendered":"<p>On #NaturePhotographyDay celebrated each year on June 15, read about how Alex Leroux, a photographer based in Canada, uses her camera to raise awareness on climate change. This is the second blog of a three-part series.<\/p>\n","protected":false},"author":1,"featured_media":2791,"comment_status":"closed","ping_status":"open","sticky":false,"template":"","format":"standard","meta":{"_acf_changed":false,"om_disable_all_campaigns":false,"_monsterinsights_skip_tracking":false,"_monsterinsights_sitenote_active":false,"_monsterinsights_sitenote_note":"","_monsterinsights_sitenote_category":0,"_uf_show_specific_survey":0,"_uf_disable_surveys":false,"_kad_post_transparent":"default","_kad_post_title":"default","_kad_post_layout":"default","_kad_post_sidebar_id":"","_kad_post_content_style":"default","_kad_post_vertical_padding":"default","_kad_post_feature":"","_kad_post_feature_position":"","_kad_post_header":false,"_kad_post_footer":false,"_kad_post_classname":"","cybocfi_hide_featured_image":"yes","footnotes":""},"categories":[19],"tags":[],"class_list":["post-2785","post","type-post","status-publish","format-standard","has-post-thumbnail","hentry","category-blog"],"acf":[],"aioseo_notices":[],"_links":{"self":[{"href":"https:\/\/natureforall.global\/es\/wp-json\/wp\/v2\/posts\/2785","targetHints":{"allow":["GET"]}}],"collection":[{"href":"https:\/\/natureforall.global\/es\/wp-json\/wp\/v2\/posts"}],"about":[{"href":"https:\/\/natureforall.global\/es\/wp-json\/wp\/v2\/types\/post"}],"author":[{"embeddable":true,"href":"https:\/\/natureforall.global\/es\/wp-json\/wp\/v2\/users\/1"}],"replies":[{"embeddable":true,"href":"https:\/\/natureforall.global\/es\/wp-json\/wp\/v2\/comments?post=2785"}],"version-history":[{"count":0,"href":"https:\/\/natureforall.global\/es\/wp-json\/wp\/v2\/posts\/2785\/revisions"}],"wp:featuredmedia":[{"embeddable":true,"href":"https:\/\/natureforall.global\/es\/wp-json\/wp\/v2\/media\/2791"}],"wp:attachment":[{"href":"https:\/\/natureforall.global\/es\/wp-json\/wp\/v2\/media?parent=2785"}],"wp:term":[{"taxonomy":"category","embeddable":true,"href":"https:\/\/natureforall.global\/es\/wp-json\/wp\/v2\/categories?post=2785"},{"taxonomy":"post_tag","embeddable":true,"href":"https:\/\/natureforall.global\/es\/wp-json\/wp\/v2\/tags?post=2785"}],"curies":[{"name":"wp","href":"https:\/\/api.w.org\/{rel}","templated":true}]}}