{"id":2797,"date":"2020-12-10T00:46:12","date_gmt":"2020-12-10T05:46:12","guid":{"rendered":"https:\/\/natureforall.global\/es\/?p=2797"},"modified":"2020-12-18T11:49:00","modified_gmt":"2020-12-18T16:49:00","slug":"nature-photography-day-finding-your-own-path-with-nature-photography","status":"publish","type":"post","link":"https:\/\/natureforall.global\/es\/nature-photography-day-finding-your-own-path-with-nature-photography\/","title":{"rendered":"Nature Photography Day: Finding your own path with nature photography"},"content":{"rendered":"<div id=\"block-yui_3_17_2_1_1592242841090_79225\" class=\"sqs-block image-block sqs-block-image sqs-text-ready\" data-block-type=\"5\">\n<div id=\"yui_3_17_2_1_1607578632958_68\" class=\"sqs-block-content\">\n<figure id=\"yui_3_17_2_1_1607578632958_67\" class=\"sqs-block-image-figure image-block-outer-wrapper image-block-v2 design-layout-overlap combination-animation-none individual-animation-none individual-text-animation-none image-position-left sqs-text-ready\" data-scrolled=\"\" data-test=\"image-block-v2-outer-wrapper\">\n<div id=\"yui_3_17_2_1_1607578632958_66\" class=\"intrinsic\">\n<div id=\"yui_3_17_2_1_1607578632958_65\" class=\" image-inset content-fit \" data-animation-role=\"image\" data-description=\"\">\n<p><img decoding=\"async\" class=\"loaded alignleft\" src=\"https:\/\/images.squarespace-cdn.com\/content\/v1\/597b547aebbd1a681f3883f2\/1592249175028-PRI31L34ILZSNZKGCVGS\/ke17ZwdGBToddI8pDm48kPmLlvCIXgndBxNq9fzeZb1Zw-zPPgdn4jUwVcJE1ZvWQUxwkmyExglNqGp0IvTJZamWLI2zvYWH8K3-s_4yszcp2ryTI0HqTOaaUohrI8PIFMLRh9LbupWL4Bv1SDYZc4lRApws2Snwk0j_RSxbNHMKMshLAGzx4R3EDFOm1kBS\/1005743_10151759932049434_687886164_n.jpg?format=750w\" alt=\"1005743_10151759932049434_687886164_n.jpg\" data-src=\"https:\/\/images.squarespace-cdn.com\/content\/v1\/597b547aebbd1a681f3883f2\/1592249175028-PRI31L34ILZSNZKGCVGS\/ke17ZwdGBToddI8pDm48kPmLlvCIXgndBxNq9fzeZb1Zw-zPPgdn4jUwVcJE1ZvWQUxwkmyExglNqGp0IvTJZamWLI2zvYWH8K3-s_4yszcp2ryTI0HqTOaaUohrI8PIFMLRh9LbupWL4Bv1SDYZc4lRApws2Snwk0j_RSxbNHMKMshLAGzx4R3EDFOm1kBS\/1005743_10151759932049434_687886164_n.jpg\" data-image=\"https:\/\/images.squarespace-cdn.com\/content\/v1\/597b547aebbd1a681f3883f2\/1592249175028-PRI31L34ILZSNZKGCVGS\/ke17ZwdGBToddI8pDm48kPmLlvCIXgndBxNq9fzeZb1Zw-zPPgdn4jUwVcJE1ZvWQUxwkmyExglNqGp0IvTJZamWLI2zvYWH8K3-s_4yszcp2ryTI0HqTOaaUohrI8PIFMLRh9LbupWL4Bv1SDYZc4lRApws2Snwk0j_RSxbNHMKMshLAGzx4R3EDFOm1kBS\/1005743_10151759932049434_687886164_n.jpg\" data-image-dimensions=\"960x720\" data-image-focal-point=\"0.5,0.5\" data-parent-ratio=\"17.1\" data-image-resolution=\"750w\" \/><\/p>\n<div class=\"image-overlay\"><\/div>\n<\/div>\n<\/div><figcaption class=\"image-card-wrapper\" data-width-ratio=\"\">\n<div class=\"image-card sqs-dynamic-text-container\">\n<div class=\"image-title-wrapper\">\n<div class=\"image-title sqs-dynamic-text\" data-width-percentage=\"50.6\">\n<h1 style=\"text-align: center;\">Ala\u00efs Nevert<\/h1>\n<\/div>\n<\/div>\n<div class=\"image-subtitle-wrapper\">\n<div class=\"image-subtitle sqs-dynamic-text\" data-width-percentage=\"41.3\">\n<p class=\"\">Ocean Bridge Ocean Ambassador and #ParksLife Ambassador | Ambassadrice des oc\u00e9ans de Portail Oc\u00e9an et ambassadrice #Parcs\u00c0Vie<\/p>\n<\/div>\n<\/div>\n<\/div>\n<\/figcaption><\/figure>\n<\/div>\n<\/div>\n<div id=\"block-74ab98e0d5ba1bba9bd0\" class=\"sqs-block html-block sqs-block-html\" data-block-type=\"2\">\n<div class=\"sqs-block-content\">\n<p class=\"\"><em>This is the third article in a three-part series focusing on <\/em><a href=\"http:\/\/www.nanpa.org\/events\/nature-photography-day\/#:~:text=Each%20year%2C%20June%2015%20is,landscapes%20both%20locally%20and%20globally.\"><em>Nature Photography Day<\/em><\/a><em>, celebrated every year on June 15<\/em>.<\/p>\n<p class=\"\"><em>Il s&#8217;agit du troisi\u00e8me article d&#8217;une s\u00e9rie de trois, consacr\u00e9e \u00e0 la <\/em><a href=\"http:\/\/www.nanpa.org\/events\/nature-photography-day\/#:~:text=Each%20year%2C%20June%2015%20is,landscapes%20both%20locally%20and%20globally.\" target=\"_blank\" rel=\"noopener noreferrer\"><em>Journ\u00e9e de la photographie de la nature<\/em><\/a><em>, c\u00e9l\u00e9br\u00e9e chaque ann\u00e9e le 15 juin.<\/em><\/p>\n<\/div>\n<\/div>\n<div id=\"block-yui_3_17_2_1_1592242841090_83931\" class=\"sqs-block horizontalrule-block sqs-block-horizontalrule\" data-block-type=\"47\">\n<div class=\"sqs-block-content\">\n<hr \/>\n<\/div>\n<\/div>\n<div id=\"block-yui_3_17_2_1_1592242841090_83992\" class=\"sqs-block html-block sqs-block-html\" data-block-type=\"2\">\n<div class=\"sqs-block-content\">\n<p class=\"\">As a child, I dreamed of being an adventurer, a scientist, a biologist and all kinds of other imaginary careers that would allow me to spend my days in the wild studying animals and plants. Sort of a cross between Indiana Jones and Snow White\u2014and able to communicate with animals! However, I had to face the reality that I was terrible at science. As I was feeling overwhelmed in math and physics and lagging behind in biology, it was made clear that a scientific path was not opening up for me and I opted to study literature and cinema instead. But my dreams of nature had not disappeared.<\/p>\n<p class=\"\">I was a little lost at university, but then an email from the film department changed my life. Parks Canada was looking for students to fill videographer positions during the summer. The next few weeks were a frenzy between the end of semester and the application process. Suddenly, I was packing my bags and preparing to leave the house for the first time with a small PowerShot compact camera in hand.<\/p>\n<p><img fetchpriority=\"high\" decoding=\"async\" class=\"size-full wp-image-2799 alignright\" src=\"https:\/\/natureforall.global\/es\/wp-content\/uploads\/sites\/6\/2020\/12\/Mingan.jpg\" alt=\"\" width=\"750\" height=\"421\" srcset=\"https:\/\/natureforall.global\/es\/wp-content\/uploads\/sites\/6\/2020\/12\/Mingan.jpg 750w, https:\/\/natureforall.global\/es\/wp-content\/uploads\/sites\/6\/2020\/12\/Mingan-300x168.jpg 300w\" sizes=\"(max-width: 750px) 100vw, 750px\" \/><\/p>\n<\/div>\n<\/div>\n<div id=\"block-yui_3_17_2_1_1592242841090_100075\" class=\"sqs-block image-block sqs-block-image sqs-col-6 span-6 float float-right sqs-text-ready\" data-block-type=\"5\">\n<div id=\"yui_3_17_2_1_1607578632958_93\" class=\"sqs-block-content\">\n<div id=\"yui_3_17_2_1_1607578632958_92\" class=\" image-block-outer-wrapper layout-caption-below design-layout-inline combination-animation-none individual-animation-none individual-text-animation-none \" data-test=\"image-block-inline-outer-wrapper\">\n<figure id=\"yui_3_17_2_1_1607578632958_91\" class=\" sqs-block-image-figure intrinsic \">\n<div id=\"yui_3_17_2_1_1607578632958_90\" class=\" image-block-wrapper has-aspect-ratio \" data-animation-role=\"image\"><\/div>\n<\/figure>\n<\/div>\n<\/div>\n<\/div>\n<div id=\"block-yui_3_17_2_1_1592242841090_100373\" class=\"sqs-block html-block sqs-block-html\" data-block-type=\"2\">\n<div class=\"sqs-block-content\">\n<p class=\"\">Until that summer, I had intended to get into video production and cinema. But as I was exploring the unusual and fabulous landscapes of the islands of the Mingan archipelago, in the province of Quebec, I began to gravitate towards my camera. Suddenly, I wanted to photograph rather than film.<\/p>\n<p class=\"\">I returned from this experience transformed; I had a new passion, and more than that, I was reconnected with my childhood dreams. My role as photographer and videographer in Mingan had opened the door to a world that I thought was inaccessible. Throughout the summer, I had met and worked with scientists and conservation officers. I had taken part in inventories of species at risk and I had documented, with my camera, the presence of many animal and plant species specific to the park&#8217;s ecosystem. I had learned their names, their characteristics and I could identify them.<\/p>\n<p class=\"\">The following year, my grandparents gave me a DSLR camera for my graduation and my nature photography adventures started again: a second summer in Mingan, then one in Ontario, the next in Saskatchewan, and yet another in Nova Scotia. Summer after summer, I returned to Parks Canada, with my trusty camera in hand ready to photograph new species. Each of these photos, and each of the conversations they sparked, was like turning the pages of an encyclopaedia that developed before my eyes.<\/p>\n<p class=\"\">Eight years and many adventures later, my faithful DSLR camera finally tired out, but not without having marked my journey. It is thanks to my camera and to nature photography that I was able to reconnect with my childhood imagination. With my camera, I traced my own path towards a profession in the environmental world and I now work for Parks Canada in youth engagement, helping other young people who seek to join their experiences and passions, to find a path that will lead them to the career of their dreams.<\/p>\n<p class=\"\">There is more than one path to achieve your dreams and by persevering, you will find yours.<\/p>\n<p><img decoding=\"async\" class=\"aligncenter wp-image-2801\" src=\"https:\/\/natureforall.global\/es\/wp-content\/uploads\/sites\/6\/2020\/12\/CapeBreton.jpg\" alt=\"\" width=\"1160\" height=\"806\" \/><\/p>\n<\/div>\n<\/div>\n<div id=\"block-yui_3_17_2_1_1592242841090_142223\" class=\"sqs-block image-block sqs-block-image sqs-text-ready\" data-block-type=\"5\">\n<div id=\"yui_3_17_2_1_1607578632958_110\" class=\"sqs-block-content\">\n<div id=\"yui_3_17_2_1_1607578632958_109\" class=\" image-block-outer-wrapper layout-caption-below design-layout-inline combination-animation-none individual-animation-none individual-text-animation-none \" data-test=\"image-block-inline-outer-wrapper\">\n<figure id=\"yui_3_17_2_1_1607578632958_108\" class=\" sqs-block-image-figure intrinsic \">\n<div id=\"yui_3_17_2_1_1607578632958_107\" class=\" image-block-wrapper has-aspect-ratio \" data-animation-role=\"image\"><\/div>\n<\/figure>\n<\/div>\n<\/div>\n<\/div>\n<div id=\"block-yui_3_17_2_1_1592249868011_7631\" class=\"sqs-block horizontalrule-block sqs-block-horizontalrule\" data-block-type=\"47\">\n<div class=\"sqs-block-content\">\n<hr \/>\n<\/div>\n<\/div>\n<div id=\"block-yui_3_17_2_1_1592249868011_7690\" class=\"sqs-block html-block sqs-block-html\" data-block-type=\"2\">\n<div class=\"sqs-block-content\">\n<h2><strong>Trouver mon propre chemin \u00e0 travers la photographie de la nature<\/strong><\/h2>\n<p class=\"\">Enfant, je me r\u00eavais aventuri\u00e8re, scientifique, biologiste; ou toutes sortes d\u2019autres m\u00e9tiers invent\u00e9s qui me permettraient de passer mes journ\u00e9es dans la nature \u00e0 \u00e9tudier les animaux et les plantes. Un croisement entre Indiana Jones et Blanche Neige, capable de comprendre et de converser avec les animaux! Rapidement, cependant, j\u2019ai d\u00fb faire face \u00e0 la r\u00e9alit\u00e9\u00a0: j\u2019\u00e9tais nulle en sciences. Totalement d\u00e9pass\u00e9e en maths et en physique, \u00e0 la traine en bio, il \u00e9tait clair qu\u2019un parcours scientifique ne se dessinait pas devant moi et j\u2019ai donc opt\u00e9 pour des \u00e9tudes de lettres et de cin\u00e9ma. Mais mes r\u00eaves de nature ne s\u2019\u00e9taient pas \u00e9teints pour autant!<\/p>\n<p class=\"\">Apr\u00e8s un d\u00e9but universitaire \u00e0 chercher ma voie, un courriel de mon d\u00e9partement de cin\u00e9ma a chang\u00e9 ma vie. Parcs Canada lan\u00e7ait un appel \u00e0 tous et \u00e0 toutes et recherchait des \u00e9tudiant.e.s pour occuper des postes de vid\u00e9ographe pendant l\u2019\u00e9t\u00e9. CV, lettre de motivation, vid\u00e9o de pr\u00e9sentation, examen, apr\u00e8s quelques semaines de fr\u00e9n\u00e9sie de fin de session et de processus d\u2019application, je faisais mes valises et m\u2019appr\u00eatais \u00e0 quitter la maison pour la premi\u00e8re fois avec en main, un petit appareil photo compact PowerShot.<\/p>\n<p class=\"\">Jusqu\u2019alors, c\u2019\u00e9tait \u00e0 la r\u00e9alisation de vid\u00e9os et au cin\u00e9ma que je me destinais. Mais cet \u00e9t\u00e9 l\u00e0, alors que j\u2019explorais les paysages insolites et fabuleux des \u00eeles de l\u2019archipel de Mingan, dans la province de Qu\u00e9bec, c\u2019est autour de mon appareil photo que je gravitais. Tout \u00e0 coup, je voulais photographier plut\u00f4t que filmer!<\/p>\n<p class=\"\">Je suis revenue de cette exp\u00e9rience transform\u00e9e; j\u2019\u00e9tais habit\u00e9e d\u2019une nouvelle passion, et plus encore, j\u2019\u00e9tais reconnect\u00e9e avec mes r\u00eaves d\u2019enfance. Mon r\u00f4le de photographe\/vid\u00e9ographe \u00e0 Mingan m\u2019avait ouvert la porte d\u2019un monde que je pensais inaccessible. Tout au long de l\u2019\u00e9t\u00e9, j\u2019avais c\u00f4toy\u00e9 et travaill\u00e9 avec des scientifiques. Ainsi, j\u2019avais pris part \u00e0 des inventaires d\u2019esp\u00e8ces en p\u00e9ril et j\u2019avais document\u00e9, avec ma cam\u00e9ra, la pr\u00e9sence de nombreuses esp\u00e8ces animales et v\u00e9g\u00e9tales propres \u00e0 l\u2019\u00e9cosyst\u00e8me du parc. J\u2019avais appris leurs noms, plusieurs de leurs caract\u00e9ristiques et je pouvais les identifier.<\/p>\n<\/div>\n<\/div>\n<div id=\"block-yui_3_17_2_1_1592242841090_146903\" class=\"sqs-block image-block sqs-block-image sqs-col-6 span-6 float float-left sqs-text-ready\" data-block-type=\"5\">\n<div id=\"yui_3_17_2_1_1607578632958_127\" class=\"sqs-block-content\">\n<div id=\"yui_3_17_2_1_1607578632958_126\" class=\" image-block-outer-wrapper layout-caption-below design-layout-inline combination-animation-none individual-animation-none individual-text-animation-none \" data-test=\"image-block-inline-outer-wrapper\">\n<figure id=\"yui_3_17_2_1_1607578632958_125\" class=\" sqs-block-image-figure intrinsic \">\n<div id=\"yui_3_17_2_1_1607578632958_124\" class=\" image-block-wrapper has-aspect-ratio \" data-animation-role=\"image\"><img decoding=\"async\" class=\"size-full wp-image-2798 alignleft\" src=\"https:\/\/natureforall.global\/es\/wp-content\/uploads\/sites\/6\/2020\/12\/Grasslands2.jpg\" alt=\"\" width=\"750\" height=\"421\" srcset=\"https:\/\/natureforall.global\/es\/wp-content\/uploads\/sites\/6\/2020\/12\/Grasslands2.jpg 750w, https:\/\/natureforall.global\/es\/wp-content\/uploads\/sites\/6\/2020\/12\/Grasslands2-300x168.jpg 300w\" sizes=\"(max-width: 750px) 100vw, 750px\" \/><\/div>\n<\/figure>\n<\/div>\n<\/div>\n<\/div>\n<div id=\"block-yui_3_17_2_1_1592242841090_147202\" class=\"sqs-block html-block sqs-block-html\" data-block-type=\"2\">\n<div class=\"sqs-block-content\">\n<p class=\"\">L\u2019ann\u00e9e suivante, ann\u00e9e de ma graduation, mes grands-parents m\u2019ont offert une cam\u00e9ra r\u00e9flex et mes aventures de photographie de la nature ont repris de plus belle\u00a0: un second \u00e9t\u00e9 \u00e0 Mingan, puis un suivant en Ontario, un autre en Saskatchewan, et encore un autre en Nouvelle-\u00c9cosse. \u00c9t\u00e9 apr\u00e8s \u00e9t\u00e9, je retournais \u00e0 Parcs Canada, avec ma fid\u00e8le cam\u00e9ra en main, et \u00e9t\u00e9 apr\u00e8s \u00e9t\u00e9, je photographiais et je d\u00e9couvrais de nouvelles esp\u00e8ces. Chacune de ces photos, et chacune des conversations qu\u2019elles engendraient, devenait les pages d\u2019une encyclop\u00e9die qui s\u2019\u00e9laborait sous mes yeux.<\/p>\n<p class=\"\">8 ans et de tr\u00e8s nombreuses aventures plus tard, ma fid\u00e8le cam\u00e9ra r\u00e9flex a finalement rendu l\u2019\u00e2me, mais pas sans avoir marqu\u00e9 mon parcours. C\u2019est gr\u00e2ce \u00e0 elle et \u00e0 la photographie de la nature, que j\u2019ai pu renouer avec l\u2019imaginaire de mon enfance, et que j\u2019ai pu tracer mon propre chemin vers un m\u00e9tier en environnement. Je travaille maintenant pour Parcs Canada en engagement jeunesse \u00e0 aider des jeunes, qui comme moi, cherchent \u00e0 concilier exp\u00e9riences et passions, et \u00e0 trouver le chemin qui les m\u00e8nera \u00e0 la carri\u00e8re de leur r\u00eave.<\/p>\n<p class=\"\">Il y a plus qu\u2019un chemin vers nos r\u00eaves et en pers\u00e9v\u00e9rant, vous trouverez le v\u00f4tre.<\/p>\n<p class=\"\"><em>All photos by\/tous les photos par Ala\u00efs Nevert<\/em><\/p>\n<\/div>\n<\/div>\n","protected":false},"excerpt":{"rendered":"<p>The last blog of the three-part series dedicated to Nature Photography Day is on how nature can help achieve your dreams. Written by Ala\u00efs Nevert, an Ocean Bridge Ocean Ambassador and ParksLife Ambassador.<\/p>\n","protected":false},"author":1,"featured_media":2800,"comment_status":"closed","ping_status":"open","sticky":false,"template":"","format":"standard","meta":{"_acf_changed":false,"om_disable_all_campaigns":false,"_monsterinsights_skip_tracking":false,"_monsterinsights_sitenote_active":false,"_monsterinsights_sitenote_note":"","_monsterinsights_sitenote_category":0,"_uf_show_specific_survey":0,"_uf_disable_surveys":false,"_kad_post_transparent":"default","_kad_post_title":"default","_kad_post_layout":"default","_kad_post_sidebar_id":"","_kad_post_content_style":"default","_kad_post_vertical_padding":"default","_kad_post_feature":"","_kad_post_feature_position":"","_kad_post_header":false,"_kad_post_footer":false,"_kad_post_classname":"","cybocfi_hide_featured_image":"yes","footnotes":""},"categories":[19],"tags":[],"class_list":["post-2797","post","type-post","status-publish","format-standard","has-post-thumbnail","hentry","category-blog"],"acf":[],"aioseo_notices":[],"_links":{"self":[{"href":"https:\/\/natureforall.global\/es\/wp-json\/wp\/v2\/posts\/2797","targetHints":{"allow":["GET"]}}],"collection":[{"href":"https:\/\/natureforall.global\/es\/wp-json\/wp\/v2\/posts"}],"about":[{"href":"https:\/\/natureforall.global\/es\/wp-json\/wp\/v2\/types\/post"}],"author":[{"embeddable":true,"href":"https:\/\/natureforall.global\/es\/wp-json\/wp\/v2\/users\/1"}],"replies":[{"embeddable":true,"href":"https:\/\/natureforall.global\/es\/wp-json\/wp\/v2\/comments?post=2797"}],"version-history":[{"count":0,"href":"https:\/\/natureforall.global\/es\/wp-json\/wp\/v2\/posts\/2797\/revisions"}],"wp:featuredmedia":[{"embeddable":true,"href":"https:\/\/natureforall.global\/es\/wp-json\/wp\/v2\/media\/2800"}],"wp:attachment":[{"href":"https:\/\/natureforall.global\/es\/wp-json\/wp\/v2\/media?parent=2797"}],"wp:term":[{"taxonomy":"category","embeddable":true,"href":"https:\/\/natureforall.global\/es\/wp-json\/wp\/v2\/categories?post=2797"},{"taxonomy":"post_tag","embeddable":true,"href":"https:\/\/natureforall.global\/es\/wp-json\/wp\/v2\/tags?post=2797"}],"curies":[{"name":"wp","href":"https:\/\/api.w.org\/{rel}","templated":true}]}}