{"id":9743,"date":"2022-11-16T13:53:35","date_gmt":"2022-11-16T18:53:35","guid":{"rendered":"https:\/\/natureforall.global\/fr\/?p=9743"},"modified":"2022-11-16T16:08:36","modified_gmt":"2022-11-16T21:08:36","slug":"limpac5-se-joint-a-une-expedition-de-la-fondation-students-on-ice","status":"publish","type":"post","link":"https:\/\/natureforall.global\/fr\/limpac5-se-joint-a-une-expedition-de-la-fondation-students-on-ice\/","title":{"rendered":"L\u2019IMPAC5 se joint \u00e0 une exp\u00e9dition de la Fondation Students on Ice"},"content":{"rendered":"<h1 style=\"text-align: center;\">L\u2019IMPAC5 se joint \u00e0 une exp\u00e9dition de la Fondation Students on Ice<\/h1>\n<p style=\"text-align: center;\">Ce blogue a \u00e9t\u00e9\u00a0<a href=\"https:\/\/www.impac5.ca\/fr\/2022\/10\/17\/expedition-soi\/\" target=\"_blank\" rel=\"noopener\">initialement publi\u00e9<\/a> par <a href=\"https:\/\/www.impac5.ca\/fr\/\" target=\"_blank\" rel=\"noopener\">IMPAC5<\/a>. Il est reproduit ici avec la permission des auteurs.<\/p>\n<p style=\"text-align: center;\">\u2014<\/p>\n<p>Le 17 septembre, No\u00e9mie Roy, membre de l\u2019IMPAC5, est mont\u00e9e \u00e0 bord d\u2019un brise-glace pour participer \u00e0 la toute premi\u00e8re <a href=\"https:\/\/soifoundation.org\/en\/youth\/expeditions\/ocean-conservation-expedition\/\">exp\u00e9dition pour la conservation de l\u2019oc\u00e9an<\/a> de la Fondation Students on Ice (SOI). L\u2019exp\u00e9dition a d\u00e9but\u00e9 \u00e0 Mulgrave, en Nouvelle-\u00c9cosse, et a navigu\u00e9 pendant tout le mois de septembre dans les eaux de la Nouvelle-\u00c9cosse et de la baie de Fundy.<\/p>\n<p><img fetchpriority=\"high\" decoding=\"async\" class=\"aligncenter wp-image-9746\" src=\"https:\/\/natureforall.global\/fr\/wp-content\/uploads\/sites\/5\/2022\/11\/Noemie-SOI-300x300.jpeg\" alt=\"\" width=\"725\" height=\"725\" srcset=\"https:\/\/natureforall.global\/fr\/wp-content\/uploads\/sites\/5\/2022\/11\/Noemie-SOI-300x300.jpeg 300w, https:\/\/natureforall.global\/fr\/wp-content\/uploads\/sites\/5\/2022\/11\/Noemie-SOI-1024x1024.jpeg 1024w, https:\/\/natureforall.global\/fr\/wp-content\/uploads\/sites\/5\/2022\/11\/Noemie-SOI-150x150.jpeg 150w, https:\/\/natureforall.global\/fr\/wp-content\/uploads\/sites\/5\/2022\/11\/Noemie-SOI-768x768.jpeg 768w, https:\/\/natureforall.global\/fr\/wp-content\/uploads\/sites\/5\/2022\/11\/Noemie-SOI.jpeg 1080w\" sizes=\"(max-width: 725px) 100vw, 725px\" \/><\/p>\n<p>\u00c0 bord du navire, des repr\u00e9sentants des communaut\u00e9s autochtones, du milieu universitaire, de la communaut\u00e9 artistique, du gouvernement du Canada et d\u2019autres personnes ont travaill\u00e9 ensemble pour cr\u00e9er une plateforme d\u2019\u00e9ducation, de recherche et de facilitation pour les acteurs engag\u00e9s dans la gestion et la protection des aires marines prot\u00e9g\u00e9es et d\u2019autres mesures de conservation efficaces en fonction de la zone.<\/p>\n<p>L\u2019exp\u00e9dition s\u2019est d\u00e9roul\u00e9e \u00e0 bord du Polar\u00a0Prince, un navire d\u2019exp\u00e9dition appartenant \u00e0 des communaut\u00e9s autochtones, o\u00f9 la SOI et ses partenaires \u00e0 bord ont particip\u00e9 \u00e0 un dialogue interg\u00e9n\u00e9rationnel, \u00e0 des recherches sur les baleines et les oiseaux marins, \u00e0 des pr\u00e9l\u00e8vements de microplastique, et bien plus encore. Consultez le\u00a0<a href=\"https:\/\/soifoundation.org\/en\/youth\/expeditions\/ocean-conservation-expedition\/\">site\u00a0Web de l\u2019exp\u00e9dition pour la conservation des oc\u00e9ans<\/a>\u00a0afin d\u2019obtenir des photos et des vid\u00e9os de l\u2019exp\u00e9dition.<\/p>\n<p>Durant l\u2019exp\u00e9dition No\u00e9mie, qui travaille aussi avec Parcs Canada, a anim\u00e9 une discussion sur la litt\u00e9racie oc\u00e9anique et sur comment cr\u00e9er des relations plus fortes entre les Canadiens et l\u2019oc\u00e9an. Elle a aussi mise en lumi\u00e8re l\u2019engagement des jeunes \u00e0 l\u2019IMPAC5 et explor\u00e9 des collaborations possibles avec les organisations repr\u00e9sent\u00e9es \u00e0 bord.<\/p>\n<p>Les jeunes de toutes les nations et de tous les milieux jouent un r\u00f4le important en mati\u00e8re de leadership, d\u2019intendance et de prise de d\u00e9cision dans le secteur des aires marines prot\u00e9g\u00e9es et de la conservation de l\u2019oc\u00e9an. Le groupe\u00a0IMPAC5 est heureux d\u2019avoir pu participer \u00e0 cette toute premi\u00e8re exp\u00e9dition de conservation de l\u2019oc\u00e9an aux c\u00f4t\u00e9s de la SOI.<\/p>\n<p>Visitez\u00a0<a href=\"https:\/\/www.impac5.ca\/fr\/jeunes-professionnels\/\">IMPAC5.ca\/jeunes-professionnels\/<\/a>\u00a0et\u00a0<a href=\"https:\/\/www.impac5.ca\/indigenous\/\">https:\/\/www.impac5.ca\/indigenous\/<\/a>\u00a0pour en savoir plus sur la fa\u00e7on dont les jeunes et les Autochtones contribuent \u00e0 fa\u00e7onner les discussions th\u00e9matiques d\u2019IMPAC5 et y participent.<\/p>\n<p><img decoding=\"async\" class=\"aligncenter wp-image-9745\" src=\"https:\/\/natureforall.global\/fr\/wp-content\/uploads\/sites\/5\/2022\/11\/Noemie-SOI-steering-300x300.jpeg\" alt=\"\" width=\"725\" height=\"725\" srcset=\"https:\/\/natureforall.global\/fr\/wp-content\/uploads\/sites\/5\/2022\/11\/Noemie-SOI-steering-300x300.jpeg 300w, https:\/\/natureforall.global\/fr\/wp-content\/uploads\/sites\/5\/2022\/11\/Noemie-SOI-steering-1024x1024.jpeg 1024w, https:\/\/natureforall.global\/fr\/wp-content\/uploads\/sites\/5\/2022\/11\/Noemie-SOI-steering-150x150.jpeg 150w, https:\/\/natureforall.global\/fr\/wp-content\/uploads\/sites\/5\/2022\/11\/Noemie-SOI-steering-768x768.jpeg 768w, https:\/\/natureforall.global\/fr\/wp-content\/uploads\/sites\/5\/2022\/11\/Noemie-SOI-steering.jpeg 1080w\" sizes=\"(max-width: 725px) 100vw, 725px\" \/><\/p>\n<p style=\"text-align: center;\"><a href=\"https:\/\/natureforall.global\/blog\/impac5-joins-students-on-ice-expedition\/\" target=\"_blank\" rel=\"noopener\"><strong><span style=\"text-decoration: underline;\">English<\/span><\/strong><\/a><\/p>\n","protected":false},"excerpt":{"rendered":"<p>No\u00e9mie Roy, membre de l\u2019IMPAC5, est mont\u00e9e \u00e0 bord d\u2019un brise-glace pour participer \u00e0 la toute premi\u00e8re exp\u00e9dition pour la conservation de l\u2019oc\u00e9an\u00a0de la Fondation Students on Ice! L\u2019exp\u00e9dition a d\u00e9but\u00e9 \u00e0 Mulgrave, en Nouvelle-\u00c9cosse, et a navigu\u00e9 pendant tout le mois de septembre dans les eaux de la Nouvelle-\u00c9cosse et de la baie\u00a0de\u00a0Fundy.<\/p>\n","protected":false},"author":1,"featured_media":9744,"comment_status":"closed","ping_status":"open","sticky":false,"template":"","format":"standard","meta":{"_acf_changed":false,"om_disable_all_campaigns":false,"_monsterinsights_skip_tracking":false,"_monsterinsights_sitenote_active":false,"_monsterinsights_sitenote_note":"","_monsterinsights_sitenote_category":0,"_uf_show_specific_survey":0,"_uf_disable_surveys":false,"_kad_post_transparent":"default","_kad_post_title":"default","_kad_post_layout":"default","_kad_post_sidebar_id":"","_kad_post_content_style":"default","_kad_post_vertical_padding":"default","_kad_post_feature":"","_kad_post_feature_position":"","_kad_post_header":false,"_kad_post_footer":false,"_kad_post_classname":"","cybocfi_hide_featured_image":"","footnotes":""},"categories":[19,22],"tags":[],"class_list":["post-9743","post","type-post","status-publish","format-standard","has-post-thumbnail","hentry","category-blog","category-canada"],"acf":[],"aioseo_notices":[],"_links":{"self":[{"href":"https:\/\/natureforall.global\/fr\/wp-json\/wp\/v2\/posts\/9743","targetHints":{"allow":["GET"]}}],"collection":[{"href":"https:\/\/natureforall.global\/fr\/wp-json\/wp\/v2\/posts"}],"about":[{"href":"https:\/\/natureforall.global\/fr\/wp-json\/wp\/v2\/types\/post"}],"author":[{"embeddable":true,"href":"https:\/\/natureforall.global\/fr\/wp-json\/wp\/v2\/users\/1"}],"replies":[{"embeddable":true,"href":"https:\/\/natureforall.global\/fr\/wp-json\/wp\/v2\/comments?post=9743"}],"version-history":[{"count":3,"href":"https:\/\/natureforall.global\/fr\/wp-json\/wp\/v2\/posts\/9743\/revisions"}],"predecessor-version":[{"id":9749,"href":"https:\/\/natureforall.global\/fr\/wp-json\/wp\/v2\/posts\/9743\/revisions\/9749"}],"wp:featuredmedia":[{"embeddable":true,"href":"https:\/\/natureforall.global\/fr\/wp-json\/wp\/v2\/media\/9744"}],"wp:attachment":[{"href":"https:\/\/natureforall.global\/fr\/wp-json\/wp\/v2\/media?parent=9743"}],"wp:term":[{"taxonomy":"category","embeddable":true,"href":"https:\/\/natureforall.global\/fr\/wp-json\/wp\/v2\/categories?post=9743"},{"taxonomy":"post_tag","embeddable":true,"href":"https:\/\/natureforall.global\/fr\/wp-json\/wp\/v2\/tags?post=9743"}],"curies":[{"name":"wp","href":"https:\/\/api.w.org\/{rel}","templated":true}]}}